{"id":669,"date":"2026-04-25T17:35:27","date_gmt":"2026-04-25T15:35:27","guid":{"rendered":"https:\/\/ndhohatzenheim.fr\/?p=669"},"modified":"2026-04-25T20:50:24","modified_gmt":"2026-04-25T18:50:24","slug":"cette-semaine-au-sanctuaire-103","status":"publish","type":"post","link":"https:\/\/ndhohatzenheim.fr\/index.php\/2026\/04\/25\/cette-semaine-au-sanctuaire-103\/","title":{"rendered":"Cette semaine au Sanctuaire"},"content":{"rendered":"\n<p><strong>26 avril 4<sup>\u00e8me<\/sup>dimanche de P\u00e2ques A \u2013 <\/strong><em>Dimanche des Vocations et journ\u00e9e de pri\u00e8re pour la sanctification des pr\u00eatres<br><\/em><strong>8h00&nbsp;: <\/strong>Messe + Chantal ADLOFF, Fam. HECKMANN-SIEGLER&nbsp;<strong><br>10h00&nbsp;: <\/strong>Messe + Jeanne FRIDERICH&nbsp;; Ren\u00e9e ALLEMANN<br><strong>15h00&nbsp;: <\/strong>V\u00eapres, B\u00e9n\u00e9diction du Saint Sacrement<\/p>\n\n\n\n<p><strong>Lundi 27 avril <em>Saint Rapha\u00ebl Arnaiz Baron<\/em><\/strong><br>8h30 Messe + Joseph MULLER&nbsp;; Chantal ADLOFF<br>18h-19h00&nbsp;: Adoration silencieuse du Saint Sacrement<\/p>\n\n\n\n<p><strong>Mardi 28 avril <em>Saint Louis-Marie Grignion de Montfort<\/em><\/strong><br>8h30 Messe selon intention<br>18h-19h00&nbsp;: Adoration silencieuse du Saint Sacrement<\/p>\n\n\n\n<p><strong>Mercredi 29 avril <em>Sainte Catherine de Sienne<\/em><\/strong><br>8h30 Messe selon intention<br>18h-19h00&nbsp;: Adoration silencieuse&nbsp;du Saint Sacrement<\/p>\n\n\n\n<p><strong>Jeudi 30 avril <em>Saint Pie V<\/em><\/strong><br>8h30 Messe selon intention<br>18h-19h00&nbsp;: Adoration silencieuse du Saint Sacrement&nbsp;<\/p>\n\n\n\n<p><strong>Vendredi 1<sup>er<\/sup> mai <em>Saint Joseph Travailleur<\/em><\/strong><em>-Ouverture du mois de Marie- <\/em>&nbsp;<br><strong>9h00<\/strong> Adoration silencieuse du Saint Sacrement<br><strong>10h<\/strong>00 Messe selon intention<br><strong>14h<\/strong>00 Adoration silencieuse<br><strong>15h<\/strong> V\u00eapres et Procession dans le parc<\/p>\n\n\n\n<p><strong>Samedi 2 mai <em>de la Bienheureuse Vierge Marie<\/em><\/strong> (1er samedi du mois)<br>9h00\u00a0: Messe suivie du Chapelet + \u00c2mes du Purgatoire<br>18h-19h00\u00a0: Adoration silencieuse du Saint Sacrement\u00a0<\/p>\n\n\n\n<p><strong>3 mai 5<sup>\u00e8me<\/sup>dimanche de P\u00e2ques A <\/strong><em><br><\/em><strong>8h00<\/strong>&nbsp;: Messe + Chantal ADLOFF, Fam. HECKMANN-SIEGLER <br><strong>10h00&nbsp;: <\/strong>Messe&nbsp;+ Philippe et Olivier LEDAIN&nbsp;; Jeanne et Alphonse AMBS, Fam. AMBS-RUI&nbsp;; Juliette, Louis et G\u00e9rard ZIRNHELT, Tom RUIZ<br><strong>11h15<\/strong>&nbsp;: Bapt\u00eame d\u2019Elyna ZIRNHELT<br><strong>15h00<\/strong> : V\u00eapres et B\u00e9n\u00e9diction du Saint Sacrement<br><strong>16h<\/strong>00&nbsp;: Cin\u00e9ma au P\u00e8lerinage&nbsp;: <em>St Philippe Neri, <\/em>un portrait attachant et enthousiasmant du saint de la joie \u00e0 savourer en famille.<\/p>\n\n\n\n<p><strong><em>Lectio Divina<\/em><\/strong><em> : <\/em>une proposition pour <strong>go\u00fbter la saveur de la Parole de Dieu<\/strong>&nbsp;: le mardi 5 mai \u00e0 19h45 une rencontre autour de l&#8217;Evangile du dimanche suivant est propos\u00e9e. Rendez-vous \u00e0 la Maison paroissiale au 1 rue Notre-Dame (avec son Nouveau Testament si possible).<\/p>\n","protected":false},"excerpt":{"rendered":"<p>26 avril 4\u00e8medimanche de P\u00e2ques A \u2013 Dimanche des Vocations et journ\u00e9e de pri\u00e8re pour la sanctification des pr\u00eatres8h00&nbsp;: Messe + Chantal ADLOFF, Fam. HECKMANN-SIEGLER&nbsp;10h00&nbsp;: Messe + Jeanne FRIDERICH&nbsp;; Ren\u00e9e ALLEMANN15h00&nbsp;: V\u00eapres, B\u00e9n\u00e9diction du Saint Sacrement Lundi 27 avril Saint Rapha\u00ebl Arnaiz Baron8h30 Messe + Joseph MULLER&nbsp;; Chantal ADLOFF18h-19h00&nbsp;: Adoration silencieuse du Saint Sacrement Mardi 28 avril Saint Louis-Marie Grignion de Montfort8h30 Messe selon intention18h-19h00&nbsp;: Adoration silencieuse du Saint Sacrement Mercredi 29 avril Sainte Catherine de Sienne8h30 Messe selon intention18h-19h00&nbsp;:&#8230;<\/p>\n<p class=\"read-more\"><a class=\"btn btn-default\" href=\"https:\/\/ndhohatzenheim.fr\/index.php\/2026\/04\/25\/cette-semaine-au-sanctuaire-103\/\"> Read More<span class=\"screen-reader-text\">  Read More<\/span><\/a><\/p>\n","protected":false},"author":3,"featured_media":0,"comment_status":"closed","ping_status":"","sticky":false,"template":"","format":"standard","meta":{"footnotes":""},"categories":[1],"tags":[],"class_list":["post-669","post","type-post","status-publish","format-standard","hentry","category-non-classe"],"_links":{"self":[{"href":"https:\/\/ndhohatzenheim.fr\/index.php\/wp-json\/wp\/v2\/posts\/669","targetHints":{"allow":["GET"]}}],"collection":[{"href":"https:\/\/ndhohatzenheim.fr\/index.php\/wp-json\/wp\/v2\/posts"}],"about":[{"href":"https:\/\/ndhohatzenheim.fr\/index.php\/wp-json\/wp\/v2\/types\/post"}],"author":[{"embeddable":true,"href":"https:\/\/ndhohatzenheim.fr\/index.php\/wp-json\/wp\/v2\/users\/3"}],"replies":[{"embeddable":true,"href":"https:\/\/ndhohatzenheim.fr\/index.php\/wp-json\/wp\/v2\/comments?post=669"}],"version-history":[{"count":3,"href":"https:\/\/ndhohatzenheim.fr\/index.php\/wp-json\/wp\/v2\/posts\/669\/revisions"}],"predecessor-version":[{"id":675,"href":"https:\/\/ndhohatzenheim.fr\/index.php\/wp-json\/wp\/v2\/posts\/669\/revisions\/675"}],"wp:attachment":[{"href":"https:\/\/ndhohatzenheim.fr\/index.php\/wp-json\/wp\/v2\/media?parent=669"}],"wp:term":[{"taxonomy":"category","embeddable":true,"href":"https:\/\/ndhohatzenheim.fr\/index.php\/wp-json\/wp\/v2\/categories?post=669"},{"taxonomy":"post_tag","embeddable":true,"href":"https:\/\/ndhohatzenheim.fr\/index.php\/wp-json\/wp\/v2\/tags?post=669"}],"curies":[{"name":"wp","href":"https:\/\/api.w.org\/{rel}","templated":true}]}}