{"id":722,"date":"2026-09-05T11:37:54","date_gmt":"2026-09-05T09:37:54","guid":{"rendered":"https:\/\/ndhohatzenheim.fr\/?p=722"},"modified":"2026-09-05T11:37:54","modified_gmt":"2026-09-05T09:37:54","slug":"cette-semaine-au-sanctuaire-122","status":"publish","type":"post","link":"https:\/\/ndhohatzenheim.fr\/index.php\/2026\/09\/05\/cette-semaine-au-sanctuaire-122\/","title":{"rendered":"Cette semaine au Sanctuaire"},"content":{"rendered":"\n<p class=\"wp-block-paragraph\"><strong>6 septembre 23<sup>\u00e8me<\/sup><\/strong> <strong>dimanche du Temps ordinaire A<\/strong><em><br><\/em><strong>8h00<\/strong>\u00a0: <strong>Messe<\/strong> en action de gr\u00e2ce\u00a0; <strong>10h00\u00a0: Messe<\/strong> + Raymond HOFFBECK et Fam.\u00a0; Marie-Th\u00e9r\u00e8se MITTELHAEUSER\u00a0; <br><strong>15h00<\/strong> : <strong>V\u00eapres<\/strong> et B\u00e9n\u00e9diction du Saint Sacrement<br><strong>16h00\u00a0: <em>Cin\u00e9ma au P\u00e8lerinage<\/em><\/strong> <em>De mauvaise foi,<\/em> un notaire ringard, une fortune inesp\u00e9r\u00e9e et un mariage \u00e0 saboter\u00a0: quand l\u2019amour et la foi s\u2019en m\u00ealent, tout peut arriver, une joyeuse com\u00e9die pour toute la famille.<\/p>\n\n\n\n<p class=\"wp-block-paragraph\"><strong>Lundi 7 ao\u00fbt <em>Anniversaire de la D\u00e9dicace de l\u2019\u00c9glise Cath\u00e9drale<\/em><\/strong><br>8h30 Messe selon intention<br>18h-19h00\u00a0: Adoration silencieuse du Saint Sacrement<\/p>\n\n\n\n<p class=\"wp-block-paragraph\"><strong>Mardi 8 septembre <em>La Nativit\u00e9 de la Bienheureuse Vierge Marie<\/em><\/strong><br>8h30 Messe + H\u00e9l\u00e8ne TRICHET<br>18h-19h\u00a0: Adoration silencieuse du Saint Sacrement<\/p>\n\n\n\n<p class=\"wp-block-paragraph\"><strong>Mercredi 9 septembre <em>Bienheureuse Alphonse-Marie Eppinger<\/em><\/strong><br>8h30 Messe + \u00c2mes du Purgatoire&nbsp;<br>18h-19h00&nbsp;: Adoration silencieuse du Saint Sacrement&nbsp;<\/p>\n\n\n\n<p class=\"wp-block-paragraph\"><strong>Jeudi 10 septembre<br><\/strong>8h30 Messe + Xavier DELOULE<br>18h-19h00\u00a0: Adoration silencieuse du Saint Sacrement<\/p>\n\n\n\n<p class=\"wp-block-paragraph\"><strong>Vendredi 11 septembre <em>le Saint Nom de Marie<\/em><\/strong><br>8h30 Messe en l\u2019honneur de Notre-Dame du Perp\u00e9tuel Secours, selon intention<br>18h-19h00\u00a0: Adoration silencieuse du Saint Sacrement\u00a0<\/p>\n\n\n\n<p class=\"wp-block-paragraph\"><strong>Samedi 12 septembre <em>Les Saints premiers Ap\u00f4tres de l\u2019Alsace<\/em><br><\/strong>9h00 Messe en action de gr\u00e2ce<br><strong>15h30\u00a0<\/strong>: Mariage de Jessica CLEMENTE et J\u00e9r\u00f4me NAZE<br>18h-19h00\u00a0: Adoration silencieuse du Saint Sacrement\u00a0<\/p>\n\n\n\n<p class=\"wp-block-paragraph\"><strong>13 septembre 24<sup>\u00e8me<\/sup><\/strong> <strong>dimanche du Temps ordinaire A<\/strong><em><br><\/em><strong>8h00<\/strong>\u00a0: <strong>Messe<\/strong> + Ir\u00e8ne HECKMANN, Roger BURG\u00a0; <br><strong>10h00\u00a0: Messe<\/strong> + Christophe PENNER\u00a0; Fam. GOETZ-RICHERT\u00a0; L\u00e9on FUCHS, Eug\u00e9nie WITTMEYER et Fam. L\u00e9on BURG\u00a0; <strong>15h00<\/strong> : <strong>V\u00eapres<\/strong> et B\u00e9n\u00e9diction du Saint Sacrement<\/p>\n\n\n\n<p class=\"wp-block-paragraph\"><strong><em>Lectio Divina<\/em><\/strong> <em>:<\/em> une proposition pour <strong>go\u00fbter la saveur de la Parole de Dieu<\/strong>&nbsp;: le mardi 6 octobre \u00e0 19h45 une rencontre autour de l&#8217;Evangile du dimanche suivant est propos\u00e9e. Rendez-vous \u00e0 la Maison paroissiale au 1 rue Notre-Dame (avec son Nouveau Testament si possible)<\/p>\n","protected":false},"excerpt":{"rendered":"<p>6 septembre 23\u00e8me dimanche du Temps ordinaire A8h00\u00a0: Messe en action de gr\u00e2ce\u00a0; 10h00\u00a0: Messe + Raymond HOFFBECK et Fam.\u00a0; Marie-Th\u00e9r\u00e8se MITTELHAEUSER\u00a0; 15h00 : V\u00eapres et B\u00e9n\u00e9diction du Saint Sacrement16h00\u00a0: Cin\u00e9ma au P\u00e8lerinage De mauvaise foi, un notaire ringard, une fortune inesp\u00e9r\u00e9e et un mariage \u00e0 saboter\u00a0: quand l\u2019amour et la foi s\u2019en m\u00ealent, tout peut arriver, une joyeuse com\u00e9die pour toute la famille. Lundi 7 ao\u00fbt Anniversaire de la D\u00e9dicace de l\u2019\u00c9glise Cath\u00e9drale8h30 Messe selon intention18h-19h00\u00a0: Adoration silencieuse du&#8230;<\/p>\n<p class=\"read-more\"><a class=\"btn btn-default\" href=\"https:\/\/ndhohatzenheim.fr\/index.php\/2026\/09\/05\/cette-semaine-au-sanctuaire-122\/\"> Read More<span class=\"screen-reader-text\">  Read More<\/span><\/a><\/p>\n","protected":false},"author":3,"featured_media":0,"comment_status":"closed","ping_status":"","sticky":false,"template":"","format":"standard","meta":{"footnotes":""},"categories":[1],"tags":[],"class_list":["post-722","post","type-post","status-publish","format-standard","hentry","category-non-classe"],"_links":{"self":[{"href":"https:\/\/ndhohatzenheim.fr\/index.php\/wp-json\/wp\/v2\/posts\/722","targetHints":{"allow":["GET"]}}],"collection":[{"href":"https:\/\/ndhohatzenheim.fr\/index.php\/wp-json\/wp\/v2\/posts"}],"about":[{"href":"https:\/\/ndhohatzenheim.fr\/index.php\/wp-json\/wp\/v2\/types\/post"}],"author":[{"embeddable":true,"href":"https:\/\/ndhohatzenheim.fr\/index.php\/wp-json\/wp\/v2\/users\/3"}],"replies":[{"embeddable":true,"href":"https:\/\/ndhohatzenheim.fr\/index.php\/wp-json\/wp\/v2\/comments?post=722"}],"version-history":[{"count":1,"href":"https:\/\/ndhohatzenheim.fr\/index.php\/wp-json\/wp\/v2\/posts\/722\/revisions"}],"predecessor-version":[{"id":723,"href":"https:\/\/ndhohatzenheim.fr\/index.php\/wp-json\/wp\/v2\/posts\/722\/revisions\/723"}],"wp:attachment":[{"href":"https:\/\/ndhohatzenheim.fr\/index.php\/wp-json\/wp\/v2\/media?parent=722"}],"wp:term":[{"taxonomy":"category","embeddable":true,"href":"https:\/\/ndhohatzenheim.fr\/index.php\/wp-json\/wp\/v2\/categories?post=722"},{"taxonomy":"post_tag","embeddable":true,"href":"https:\/\/ndhohatzenheim.fr\/index.php\/wp-json\/wp\/v2\/tags?post=722"}],"curies":[{"name":"wp","href":"https:\/\/api.w.org\/{rel}","templated":true}]}}